{"id":1662,"date":"2016-07-06T07:47:32","date_gmt":"2016-07-06T11:47:32","guid":{"rendered":"http:\/\/laphilo.com\/blog\/?p=1662"},"modified":"2016-07-06T07:50:40","modified_gmt":"2016-07-06T11:50:40","slug":"bac-2016-une-mention-speciale-a-la-terminale-l-du-lpo-de-pointe-noire","status":"publish","type":"post","link":"https:\/\/laphilo.com\/blog\/2016\/07\/06\/bac-2016-une-mention-speciale-a-la-terminale-l-du-lpo-de-pointe-noire\/","title":{"rendered":"Bac 2016. Une mention sp\u00e9ciale \u00e0 la Terminale L du LPO de Pointe-Noire"},"content":{"rendered":"<p style=\"text-align: justify;\"><a href=\"http:\/\/laphilo.com\/blog\/2016\/07\/06\/bac-2016-une-mention-speciale-a-la-terminale-l-du-lpo-de-pointe-noire\/100pour100\/\" rel=\"attachment wp-att-1663\"><img loading=\"lazy\" decoding=\"async\" class=\"size-full wp-image-1663 alignleft\" src=\"http:\/\/laphilo.com\/blog\/wp-content\/uploads\/2016\/07\/100pour100.png\" alt=\"100pour100\" width=\"580\" height=\"317\" srcset=\"https:\/\/laphilo.com\/blog\/wp-content\/uploads\/2016\/07\/100pour100.png 580w, https:\/\/laphilo.com\/blog\/wp-content\/uploads\/2016\/07\/100pour100-300x164.png 300w\" sizes=\"auto, (max-width: 580px) 100vw, 580px\" \/><\/a>Un grand bravo \u00e0 la classe de terminale L du Lyc\u00e9e de Pointe-Noire. On en avait parl\u00e9 \u00e0 plusieurs reprises dans le courant de l&rsquo;ann\u00e9e et vous l&rsquo;avez fait ! <strong>100% de r\u00e9ussite, et ce d\u00e8s le premier tour ! <\/strong>Vous pouvez \u00eatre fiers de vous !<\/p>\n<p style=\"text-align: justify;\">Merci pour cette ann\u00e9e, merci pour ce beau d\u00e9nouement. Profitez bien de vos vacances ! Et faites bon usage de votre baccalaur\u00e9at.<\/p>\n<p style=\"text-align: justify;\"><em>Votre prof principal et prof de philo<\/em><\/p>\n","protected":false},"excerpt":{"rendered":"<p>Un grand bravo \u00e0 la classe de terminale L du Lyc\u00e9e de Pointe-Noire. On en avait parl\u00e9 \u00e0 plusieurs reprises dans le courant de l&rsquo;ann\u00e9e et vous l&rsquo;avez fait ! 100% de r\u00e9ussite, et ce d\u00e8s le premier tour ! Vous pouvez \u00eatre fiers de vous ! Merci pour cette ann\u00e9e, merci pour ce beau d\u00e9nouement. Profitez bien de vos vacances ! Et faites bon usage de votre baccalaur\u00e9at. Votre prof principal et prof de philo<\/p>\n","protected":false},"author":1,"featured_media":0,"comment_status":"open","ping_status":"open","sticky":false,"template":"","format":"standard","meta":{"footnotes":""},"categories":[102],"tags":[],"class_list":["post-1662","post","type-post","status-publish","format-standard","hentry","category-actualite"],"_links":{"self":[{"href":"https:\/\/laphilo.com\/blog\/wp-json\/wp\/v2\/posts\/1662","targetHints":{"allow":["GET"]}}],"collection":[{"href":"https:\/\/laphilo.com\/blog\/wp-json\/wp\/v2\/posts"}],"about":[{"href":"https:\/\/laphilo.com\/blog\/wp-json\/wp\/v2\/types\/post"}],"author":[{"embeddable":true,"href":"https:\/\/laphilo.com\/blog\/wp-json\/wp\/v2\/users\/1"}],"replies":[{"embeddable":true,"href":"https:\/\/laphilo.com\/blog\/wp-json\/wp\/v2\/comments?post=1662"}],"version-history":[{"count":4,"href":"https:\/\/laphilo.com\/blog\/wp-json\/wp\/v2\/posts\/1662\/revisions"}],"predecessor-version":[{"id":1667,"href":"https:\/\/laphilo.com\/blog\/wp-json\/wp\/v2\/posts\/1662\/revisions\/1667"}],"wp:attachment":[{"href":"https:\/\/laphilo.com\/blog\/wp-json\/wp\/v2\/media?parent=1662"}],"wp:term":[{"taxonomy":"category","embeddable":true,"href":"https:\/\/laphilo.com\/blog\/wp-json\/wp\/v2\/categories?post=1662"},{"taxonomy":"post_tag","embeddable":true,"href":"https:\/\/laphilo.com\/blog\/wp-json\/wp\/v2\/tags?post=1662"}],"curies":[{"name":"wp","href":"https:\/\/api.w.org\/{rel}","templated":true}]}}