{"id":1366,"date":"2016-05-27T07:02:45","date_gmt":"2016-05-27T11:02:45","guid":{"rendered":"http:\/\/laphilo.com\/blog\/?p=1366"},"modified":"2016-05-27T07:15:52","modified_gmt":"2016-05-27T11:15:52","slug":"le-lycee-jardin-dessai-et-le-memorial-acte-centre-du-monde-avec-80-eleves-du-senegal-du-surinam-de-nantes-et-de-guadeloupe","status":"publish","type":"post","link":"https:\/\/laphilo.com\/blog\/2016\/05\/27\/le-lycee-jardin-dessai-et-le-memorial-acte-centre-du-monde-avec-80-eleves-du-senegal-du-surinam-de-nantes-et-de-guadeloupe\/","title":{"rendered":"Le lyc\u00e9e Jardin d\u2019Essai et le M\u00e9morial ACTe, centre du monde avec 80 \u00e9l\u00e8ves du S\u00e9n\u00e9gal, du Surinam, de Nantes et de Guadeloupe"},"content":{"rendered":"<p style=\"text-align: justify;\"><img loading=\"lazy\" decoding=\"async\" class=\"size-full wp-image-1367 alignleft\" src=\"http:\/\/laphilo.com\/blog\/wp-content\/uploads\/2016\/05\/27mai2016.png\" alt=\"27mai2016\" width=\"302\" height=\"421\" srcset=\"https:\/\/laphilo.com\/blog\/wp-content\/uploads\/2016\/05\/27mai2016.png 302w, https:\/\/laphilo.com\/blog\/wp-content\/uploads\/2016\/05\/27mai2016-215x300.png 215w\" sizes=\"auto, (max-width: 302px) 100vw, 302px\" \/><strong>A l\u2019occasion de la comm\u00e9moration de l\u2019abolition de l\u2019esclavage en Guadeloupe, le lyc\u00e9e Jardin d\u2019Essai et le M\u00e9morial ACTe deviennent centre du monde en accueillant 80 \u00e9l\u00e8ves du S\u00e9n\u00e9gal, du Surinam, de Nantes et de Guadeloupe.<\/strong><\/p>\n<p style=\"text-align: justify;\">Comment amener les jeunes \u00e0 conna\u00eetre leur identit\u00e9 tout en s\u2019ouvrant au monde ? Comment sensibiliser \u00e0 l\u2019histoire et aux m\u00e9moires de la traite et de l\u2019esclavage par la connaissance du\u00a0patrimoine mat\u00e9riel et immat\u00e9riel ? Tels sont les objectifs du projet : \u00ab LA TRAITE NEGRIERE,\u00a0L\u2019ESCLAVAGE ET LEURS HERITAGES : Histoires, m\u00e9moires et patrimoines partag\u00e9s de 80 \u00e9l\u00e8ves de Guadeloupe, du S\u00e9n\u00e9gal, du Surinam et de Nantes \u00bb d\u2019apr\u00e8s une id\u00e9e originale d\u2019Elise NDOBO, professeur d\u2019anglais \u00e0 Nantes et de Karine SITCHARN, professeur d\u2019histoire-g\u00e9ographie au Lyc\u00e9e Jardin D\u2019Essai.<\/p>\n<p style=\"text-align: justify;\"><strong>Au programme<\/strong><\/p>\n<ul style=\"text-align: justify;\">\n<li><strong>9h-12h30 :<\/strong> Visite guid\u00e9e bilingue du M\u00e9morial ACTe r\u00e9alis\u00e9 par 10 \u00e9l\u00e8ves de seconde De jardin d\u2019Essai form\u00e9s par le MACTe<\/li>\n<li><strong>14h30-15h30 :<\/strong> Pr\u00e9sentation du livre num\u00e9rique collaboratif r\u00e9dig\u00e9 par les 4 classes(lectures + projection vid\u00e9o). Ce livre est le fruit d\u2019un formidable \u00e9change culturel entre les \u00e9l\u00e8ves de Guadeloupe, de Nantes, du S\u00e9n\u00e9gal et du Surinam autour de l\u2019Histoire, des m\u00e9moires et du patrimoine de la traite et de l\u2019esclavage.<\/li>\n<li><strong>15h30-16h30 :<\/strong> Rencontre et \u00e9changes avec le Pr\u00e9sident du M\u00e9morial ACTe, M. Jacques MARTIAL, le Directeur scientifique, M. Thierry L\u2019Etang, Mme SITCHARN, professeur d\u2019Histoire au lyc\u00e9e Jardin d\u2019Essai, Mme NDOBO, professeur d\u2019Anglais \u00e0 Nantes, Mme PATER-TORIN, chor\u00e9graphe et les \u00e9l\u00e8ves.<\/li>\n<li><strong>16h30-18h :<\/strong> Projection du film \u00ab Noirs, l\u2019identit\u00e9 au c\u0153ur de la question noire \u00bb de Arnaud NGATCHA et J\u00e9r\u00f4me SESQUIN. Ce film tourn\u00e9 en France hexagonale, aux Antilles et auS\u00e9n\u00e9gal soul\u00e8ve la \u00ab question noire \u00bb qui se pose aujourd\u2019hui en France.Suivie d\u2019un d\u00e9bat avec Georges LAWSON BODY, universitaire.<\/li>\n<li><strong>18h30 :<\/strong> Danse en costume traditionnel des \u00ab marrons du Surinam \u00bb r\u00e9alis\u00e9e par les \u00e9l\u00e8ves du Surinam suivie d\u2019une com\u00e9die musicale intitul\u00e9e \u00ab De la libert\u00e9 \u00e0 la libert\u00e9 \u00bb encadr\u00e9e par\u00a0Raymonde PATER-TORIN (chor\u00e9graphe) de l\u2019association KAMODJAKA et Yane MAREINE (chanteuse et com\u00e9dienne) de l\u2019association NOLEDJIZ ART.<\/li>\n<\/ul>\n<p style=\"text-align: justify;\">\u00a0\u00bb Une com\u00e9die musicale qui donne \u00e0 voir une jeunesse curieuse de son identit\u00e9 tout \u00e9tant ouvert \u00e0 l\u2019alt\u00e9rit\u00e9. Un spectacle qui montre une jeunesse qui \u00ab n\u2019est pas esclave de l\u2019esclavage \u00bb comme le disait Frantz FANON mais qui sait valoriser son patrimoine pour en faire un objet artistique et &#8211; pourquoi pas demain &#8211; un produit touristique.\u00a0\u00bb<\/p>\n<p style=\"text-align: right;\">Les organisateurs<\/p>\n<p style=\"text-align: right;\"><img loading=\"lazy\" decoding=\"async\" class=\"size-full wp-image-1369 aligncenter\" src=\"http:\/\/laphilo.com\/blog\/wp-content\/uploads\/2016\/05\/macte.png\" alt=\"macte\" width=\"891\" height=\"373\" srcset=\"https:\/\/laphilo.com\/blog\/wp-content\/uploads\/2016\/05\/macte.png 891w, https:\/\/laphilo.com\/blog\/wp-content\/uploads\/2016\/05\/macte-300x126.png 300w, https:\/\/laphilo.com\/blog\/wp-content\/uploads\/2016\/05\/macte-768x322.png 768w\" sizes=\"auto, (max-width: 891px) 100vw, 891px\" \/><\/p>\n","protected":false},"excerpt":{"rendered":"<p>A l\u2019occasion de la comm\u00e9moration de l\u2019abolition de l\u2019esclavage en Guadeloupe, le lyc\u00e9e Jardin d\u2019Essai et le M\u00e9morial ACTe deviennent centre du monde en accueillant 80 \u00e9l\u00e8ves du S\u00e9n\u00e9gal, du Surinam, de Nantes et de Guadeloupe. Comment amener les jeunes \u00e0 conna\u00eetre leur identit\u00e9 tout en s\u2019ouvrant au monde ? Comment sensibiliser \u00e0 l\u2019histoire et aux m\u00e9moires de la traite et de l\u2019esclavage par la connaissance du\u00a0patrimoine mat\u00e9riel et immat\u00e9riel ? Tels sont les objectifs du projet : \u00ab LA TRAITE NEGRIERE,\u00a0L\u2019ESCLAVAGE ET LEURS HERITAGES : Histoires, m\u00e9moires et patrimoines partag\u00e9s de 80 \u00e9l\u00e8ves de Guadeloupe, du S\u00e9n\u00e9gal, du Surinam<\/p>\n","protected":false},"author":1,"featured_media":0,"comment_status":"open","ping_status":"open","sticky":false,"template":"","format":"standard","meta":{"footnotes":""},"categories":[102],"tags":[250],"class_list":["post-1366","post","type-post","status-publish","format-standard","hentry","category-actualite","tag-esclavage"],"_links":{"self":[{"href":"https:\/\/laphilo.com\/blog\/wp-json\/wp\/v2\/posts\/1366","targetHints":{"allow":["GET"]}}],"collection":[{"href":"https:\/\/laphilo.com\/blog\/wp-json\/wp\/v2\/posts"}],"about":[{"href":"https:\/\/laphilo.com\/blog\/wp-json\/wp\/v2\/types\/post"}],"author":[{"embeddable":true,"href":"https:\/\/laphilo.com\/blog\/wp-json\/wp\/v2\/users\/1"}],"replies":[{"embeddable":true,"href":"https:\/\/laphilo.com\/blog\/wp-json\/wp\/v2\/comments?post=1366"}],"version-history":[{"count":3,"href":"https:\/\/laphilo.com\/blog\/wp-json\/wp\/v2\/posts\/1366\/revisions"}],"predecessor-version":[{"id":1371,"href":"https:\/\/laphilo.com\/blog\/wp-json\/wp\/v2\/posts\/1366\/revisions\/1371"}],"wp:attachment":[{"href":"https:\/\/laphilo.com\/blog\/wp-json\/wp\/v2\/media?parent=1366"}],"wp:term":[{"taxonomy":"category","embeddable":true,"href":"https:\/\/laphilo.com\/blog\/wp-json\/wp\/v2\/categories?post=1366"},{"taxonomy":"post_tag","embeddable":true,"href":"https:\/\/laphilo.com\/blog\/wp-json\/wp\/v2\/tags?post=1366"}],"curies":[{"name":"wp","href":"https:\/\/api.w.org\/{rel}","templated":true}]}}