{"id":1178,"date":"2015-09-29T10:38:43","date_gmt":"2015-09-29T14:38:43","guid":{"rendered":"http:\/\/laphilo.com\/blog\/?p=1178"},"modified":"2015-09-29T11:24:29","modified_gmt":"2015-09-29T15:24:29","slug":"tl-debat-sur-lamitie","status":"publish","type":"post","link":"https:\/\/laphilo.com\/blog\/2015\/09\/29\/tl-debat-sur-lamitie\/","title":{"rendered":"TL. D\u00e9bat sur l&rsquo;amiti\u00e9"},"content":{"rendered":"<p>Dans <em>les illusions perdues <\/em>(1837-1843) d&rsquo;Honor\u00e9 de Balzac, Fulgence dit \u00e0 Lucien :<\/p>\n<blockquote><p>Ta vanit\u00e9, mon cher po\u00e8te, est si grande, que tu en mets jusque dans ton amiti\u00e9 ? s\u2019\u00e9cria Fulgence. Toute vanit\u00e9 de ce genre accuse un effroyable \u00e9go\u00efsme, et l\u2019\u00e9go\u00efsme est le poison de l\u2019amiti\u00e9.<\/p><\/blockquote>\n<p>A la suite de l&rsquo;\u00e9tude du texte d&rsquo;Aristote extrait de <em>l&rsquo;Ethique \u00e0 Nicomaque<\/em> 4 \u00e9l\u00e8ves de TL ont d\u00e9battu sur le th\u00e8me de l&rsquo;amiti\u00e9.<\/p>\n<p>Il est possible de r\u00e9\u00e9couter le d\u00e9bat qui a \u00e9t\u00e9 enregistr\u00e9 et de r\u00e9agir ou bien de proposer des r\u00e9flexions sur le m\u00eame th\u00e8me en laissant un commentaire.<\/p>\n<audio class=\"wp-audio-shortcode\" id=\"audio-1178-1\" preload=\"none\" style=\"width: 100%;\" controls=\"controls\"><source type=\"audio\/mpeg\" src=\"http:\/\/laphilo.com\/blog\/wp-content\/uploads\/2012\/11\/20150928.mp3?_=1\" \/><a href=\"http:\/\/laphilo.com\/blog\/wp-content\/uploads\/2012\/11\/20150928.mp3\">http:\/\/laphilo.com\/blog\/wp-content\/uploads\/2012\/11\/20150928.mp3<\/a><\/audio>\n<p>Pour rappel : la question que pose Charlie pour entamer le d\u00e9bat.<\/p>\n<blockquote><p>Quel est le vrai ressort de l\u2019amiti\u00e9 ? Est-il raisonnable d\u2019aimer un autre plus que soi-m\u00eame, au point de se sacrifier, parfois, pour lui\u00a0? N\u2019est-il pas absurde de pr\u00e9f\u00e9rer la vie d\u2019un autre \u00e0 la sienne\u00a0? Et si nous nous effa\u00e7ons au profit d\u2019un autre,\u00a0\u00a0n\u2019est-ce pas, au fond, parce que l\u2019ami\u00a0\u00a0nous apporte ce qui nous fait d\u00e9faut\u00a0?<\/p><\/blockquote>\n","protected":false},"excerpt":{"rendered":"<p>Dans les illusions perdues (1837-1843) d&rsquo;Honor\u00e9 de Balzac, Fulgence dit \u00e0 Lucien : Ta vanit\u00e9, mon cher po\u00e8te, est si grande, que tu en mets jusque dans ton amiti\u00e9 ? s\u2019\u00e9cria Fulgence. Toute vanit\u00e9 de ce genre accuse un effroyable \u00e9go\u00efsme, et l\u2019\u00e9go\u00efsme est le poison de l\u2019amiti\u00e9. A la suite de l&rsquo;\u00e9tude du texte d&rsquo;Aristote extrait de l&rsquo;Ethique \u00e0 Nicomaque 4 \u00e9l\u00e8ves de TL ont d\u00e9battu sur le th\u00e8me de l&rsquo;amiti\u00e9. Il est possible de r\u00e9\u00e9couter le d\u00e9bat qui a \u00e9t\u00e9 enregistr\u00e9 et de r\u00e9agir ou bien de proposer des r\u00e9flexions sur le m\u00eame th\u00e8me en laissant un commentaire.<\/p>\n","protected":false},"author":1,"featured_media":0,"comment_status":"open","ping_status":"open","sticky":false,"template":"","format":"standard","meta":{"footnotes":""},"categories":[30],"tags":[72,51,92],"class_list":["post-1178","post","type-post","status-publish","format-standard","hentry","category-reflexion","tag-amitie","tag-autrui","tag-sujet"],"_links":{"self":[{"href":"https:\/\/laphilo.com\/blog\/wp-json\/wp\/v2\/posts\/1178","targetHints":{"allow":["GET"]}}],"collection":[{"href":"https:\/\/laphilo.com\/blog\/wp-json\/wp\/v2\/posts"}],"about":[{"href":"https:\/\/laphilo.com\/blog\/wp-json\/wp\/v2\/types\/post"}],"author":[{"embeddable":true,"href":"https:\/\/laphilo.com\/blog\/wp-json\/wp\/v2\/users\/1"}],"replies":[{"embeddable":true,"href":"https:\/\/laphilo.com\/blog\/wp-json\/wp\/v2\/comments?post=1178"}],"version-history":[{"count":3,"href":"https:\/\/laphilo.com\/blog\/wp-json\/wp\/v2\/posts\/1178\/revisions"}],"predecessor-version":[{"id":1181,"href":"https:\/\/laphilo.com\/blog\/wp-json\/wp\/v2\/posts\/1178\/revisions\/1181"}],"wp:attachment":[{"href":"https:\/\/laphilo.com\/blog\/wp-json\/wp\/v2\/media?parent=1178"}],"wp:term":[{"taxonomy":"category","embeddable":true,"href":"https:\/\/laphilo.com\/blog\/wp-json\/wp\/v2\/categories?post=1178"},{"taxonomy":"post_tag","embeddable":true,"href":"https:\/\/laphilo.com\/blog\/wp-json\/wp\/v2\/tags?post=1178"}],"curies":[{"name":"wp","href":"https:\/\/api.w.org\/{rel}","templated":true}]}}